{"id":1266,"date":"2024-11-19T12:09:32","date_gmt":"2024-11-19T11:09:32","guid":{"rendered":"https:\/\/asesorleysegundaoportunidad.com\/lauto-no-es-executiu"},"modified":"2024-11-19T12:09:32","modified_gmt":"2024-11-19T11:09:32","slug":"lauto-no-es-executiu","status":"publish","type":"post","link":"https:\/\/asesorleysegundaoportunidad.com\/ca\/lauto-no-es-executiu","title":{"rendered":"L&#8217;AUTO NO \u00c9S EXECUTIU"},"content":{"rendered":"<p>La interlocut\u00f2ria d&#8217;exoneraci\u00f3 del passiu insatisfet no \u00e9s executiva. No es troba entre els sup\u00f2sits de larticle 517 de la <a href=\"https:\/\/www.boe.es\/buscar\/pdf\/2000\/BOE-A-2000-323-consolidado.pdf\">Llei dEnjudiciament Civil<\/a>.<\/p>\n<p>En aquest sentit conv\u00e9 recordar que aquest article estipula que:<\/p>\n<p><strong>Article 517 Acci\u00f3 executiva. T\u00edtols executius<\/strong><\/p>\n<ol>\n<li>L&#8217;acci\u00f3 executiva s&#8217;ha de fonamentar en un t\u00edtol que tingui execuci\u00f3 aparellada.<\/li>\n<li>Nom\u00e9s tindran aparellada execuci\u00f3 els t\u00edtols seg\u00fcents:<\/li>\n<\/ol>\n<p>1r La sent\u00e8ncia de condemna ferma.<\/p>\n<p>2n Els laudes o resolucions arbitrals i els acords de mediaci\u00f3, aquests darrers han d&#8217;haver estat elevats a escriptura p\u00fablica d&#8217;acord amb la Llei de mediaci\u00f3 en assumptes civils i mercantils (RCL 2012, 947).<\/p>\n<p>3r Les resolucions judicials que aprovin o homologuin transaccions judicials i acords aconseguits en el proc\u00e9s, acompanyades, si \u00e9s necessari per a const\u00e0ncia del seu contingut concret, dels testimoniatges corresponents de les actuacions.<\/p>\n<p>4t Les escriptures p\u00fabliques, sempre que sigui primera c\u00f2pia; o si \u00e9s segona que estigui donada en virtut de manament judicial i amb citaci\u00f3 de la persona a qui hagi de perjudicar, o del seu causant, o que s&#8217;expedeixi amb la conformitat de totes les parts.<\/p>\n<p>5\u00e8 Les p\u00f2lisses de contractes mercantils signades per les parts i per corredor de comer\u00e7 col\u00b7legiat que les intervingui, per tal que s&#8217;acompanyi certificaci\u00f3 en qu\u00e8 el corredor esmentat acrediti la conformitat de la p\u00f2lissa amb els assentaments del seu llibre registre i la data d&#8217;aquests.<\/p>\n<p>6\u00e8 Els t\u00edtols al portador o nominatius, leg\u00edtimament emesos, que representin obligacions ven\u00e7udes i els cupons, tamb\u00e9 ven\u00e7uts, dels t\u00edtols esmentats, sempre que els cupons confrontin amb els t\u00edtols i aquests, en tot cas, amb els llibres talonaris.<\/p>\n<p>La protesta de falsedat del t\u00edtol formulada a l&#8217;acte de la confrontaci\u00f3 no impedir\u00e0, si aquesta resulta conforme, que es despatxi l&#8217;execuci\u00f3, sens perjudici de la posterior oposici\u00f3 a l&#8217;execuci\u00f3 que pugui formular el deutor al\u00b7legant falsedat al t\u00edtol.<\/p>\n<p>7\u00e8 Els certificats no caducats expedits per les entitats encarregades dels registres comptables respecte dels valors representats mitjan\u00e7ant anotacions en compte a qu\u00e8 fa refer\u00e8ncia la Llei del Mercat de Valors (RCL 1988, 1644 i RCL 1989, 1149 i 1781), sempre que s&#8217;hi acompanyi c\u00f2pia de l&#8217;escriptura p\u00fablica de representaci\u00f3 dels valors o, si escau, de l&#8217;emissi\u00f3, quan tal escriptura sigui necess\u00e0ria, d&#8217;acord amb la legislaci\u00f3 vigent.<\/p>\n<p>Instada i despatxada l&#8217;execuci\u00f3, no caducaran els certificats a qu\u00e8 fa refer\u00e8ncia el par\u00e0graf anterior.<\/p>\n<p>8\u00e8 La interlocut\u00f2ria que estableixi la quantitat m\u00e0xima reclamable en concepte d&#8217;indemnitzaci\u00f3, dictada en els sup\u00f2sits previstos per la llei en processos penals incoats per fets coberts per l&#8217;asseguran\u00e7a obligat\u00f2ria de responsabilitat civil derivada de l&#8217;\u00fas i la circulaci\u00f3 de vehicles de motor.<\/p>\n<p>9\u00e8 Les altres resolucions processals i documents que, per disposici\u00f3 d&#8217;aquesta llei o una altra, portin execuci\u00f3 aparellada.<\/p>\n<p>Per tant, queda clar que la interlocut\u00f2ria no \u00e9s executiva.<\/p>\n<p>Tampoc no cont\u00e9 una condemna de no fer front als creditors. En aquest sentit conv\u00e9 estar al disposat per Interlocut\u00f2ria n\u00ba7\/2019, de 14 de gener de 2019, de la Secci\u00f3 1a de l&#8217;Audi\u00e8ncia Provincial de Girona que reconeix que la interlocut\u00f2ria de conclusi\u00f3 del concurs i exoneraci\u00f3 del passiu insatisfet no cont\u00e9 pronunciament de condemna que sigui executable (l&#8217;Auto no \u00e9s executiu), sin\u00f3 un pronunciament declaratiu i constitutiu, que no es pot executar.<\/p>\n<p>Aix\u00f2 no suposa que aquesta declaraci\u00f3 no tingui efectes, sin\u00f3 que l&#8217;apel\u00b7lant pot fer-la valer davant l&#8217;\u00f2rgan judicial que est\u00e0 executant el deute l&#8217;exoneraci\u00f3 del qual ha estat acordada de forma provisional oposant-se a l&#8217;execuci\u00f3 o als actes executius concrets que contravinguin el que s&#8217;ha acordat interlocut\u00f2ria de conclusi\u00f3 del concurs.<\/p>\n<p>De la lectura de la Sent\u00e8ncia 608\/2016, de 07 d&#8217;octubre de 2016, del Tribunal Suprem (Roj: STS 4292\/2016 &#8211; ECLI:CA:TS:2016:4292) es despr\u00e8n que la inclusi\u00f3 d&#8217;un passiu a la llista de creditors no produeix cosa jutjada positiva respecte de l&#8217;exist\u00e8ncia del cr\u00e8dit, ja que aquest efecte nom\u00e9s es predica de la Sent\u00e8ncia que el jutge del concurs hagu\u00e9s pogut dictar, en cas d&#8217;impugnaci\u00f3 o pretensi\u00f3 de reconeixement.<\/p>\n<p>Nom\u00e9s en aquest sup\u00f2sit s&#8217;estaria al resultat d&#8217;un procediment plenari on les parts afectades (pr\u00e8viament empla\u00e7ades i portades al proc\u00e9s amb plenes garanties) haurien pogut intervenir per discutir l&#8217;exist\u00e8ncia, la quantia i la naturalesa del cr\u00e8dit.<\/p>\n<p>Per aix\u00f2, resulta evident que la simple inclusi\u00f3 d&#8217;un cr\u00e8dit a la sol\u00b7licitud de concurs voluntari sense massa, i la seva consideraci\u00f3 pel jutjat a la interlocut\u00f2ria de conclusi\u00f3 i concessi\u00f3 de l&#8217;EPI, tampoc no produeix cosa jutjada respecte de l&#8217;exist\u00e8ncia del cr\u00e8dit.<\/p>\n<p>Per tot all\u00f2 exposat, una recent Sent\u00e8ncia del Jutjat Mercantil n\u00fam. la interlocut\u00f2ria de conclusi\u00f3 es limitar\u00e0 a concedir l&#8217;exoneraci\u00f3 del passiu insatisfet.<\/p>\n<p>De fet, a m\u00e9s de deixar const\u00e0ncia que la interlocut\u00f2ria no \u00e9s executiva, a criteri d&#8217;aquest jutjat, no cal tampoc detallar els cr\u00e8dits exonerables, at\u00e8s que, ent\u00e9n, que l&#8217;exoneraci\u00f3 del passiu insatisfet s&#8217;ha d&#8217;estendre a la totalitat dels deutes insatisfets , nascudes abans de la declaraci\u00f3 del concurs, llevat de les excepcions indicades a l&#8217;article 489.1 de la Llei concursal.<\/p>\n<p><a href=\"https:\/\/asesorleysegundaoportunidad.com\/\"><em><strong>Si voleu assessorament, no dubteu a contactar amb nosaltres.<\/strong><\/em><\/a><\/p>\n","protected":false},"excerpt":{"rendered":"<p>La interlocut\u00f2ria d&#8217;exoneraci\u00f3 del passiu insatisfet no \u00e9s executiva. No es troba entre els sup\u00f2sits de larticle 517 de la Llei dEnjudiciament Civil. En aquest sentit conv\u00e9 recordar que aquest article estipula que: Article 517 Acci\u00f3 executiva. T\u00edtols executius L&#8217;acci\u00f3 executiva s&#8217;ha de fonamentar en un t\u00edtol que tingui execuci\u00f3 aparellada. Nom\u00e9s tindran aparellada execuci\u00f3 [&hellip;]<\/p>\n","protected":false},"author":2,"featured_media":0,"comment_status":"closed","ping_status":"closed","sticky":false,"template":"","format":"standard","meta":{"_et_pb_use_builder":"","_et_pb_old_content":"","_et_gb_content_width":"","footnotes":""},"categories":[7],"tags":[],"class_list":["post-1266","post","type-post","status-publish","format-standard","hentry","category-sense-categoria"],"yoast_head":"<!-- This site is optimized with the Yoast SEO plugin v27.2 - https:\/\/yoast.com\/product\/yoast-seo-wordpress\/ -->\n<title>L&#039;AUTO NO \u00c9S EXECUTIU - Asesor Ley de la Segunda Oportunidad<\/title>\n<meta name=\"description\" content=\"La interlocut\u00f2ria d&#039;exoneraci\u00f3 del passiu insatisfet no \u00e9s executiva. En les l\u00ednies seg\u00fcents s&#039;analitza el que s&#039;ha exposat.\" \/>\n<meta name=\"robots\" content=\"index, follow, max-snippet:-1, max-image-preview:large, max-video-preview:-1\" \/>\n<link rel=\"canonical\" href=\"https:\/\/asesorleysegundaoportunidad.com\/ca\/lauto-no-es-executiu\" \/>\n<meta property=\"og:locale\" content=\"ca_ES\" \/>\n<meta property=\"og:type\" content=\"article\" \/>\n<meta property=\"og:title\" content=\"L&#039;AUTO NO \u00c9S EXECUTIU - Asesor Ley de la Segunda Oportunidad\" \/>\n<meta property=\"og:description\" content=\"La interlocut\u00f2ria d&#039;exoneraci\u00f3 del passiu insatisfet no \u00e9s executiva. En les l\u00ednies seg\u00fcents s&#039;analitza el que s&#039;ha exposat.\" \/>\n<meta property=\"og:url\" content=\"https:\/\/asesorleysegundaoportunidad.com\/ca\/lauto-no-es-executiu\" \/>\n<meta property=\"og:site_name\" content=\"Asesor Ley de la Segunda Oportunidad\" \/>\n<meta property=\"article:published_time\" content=\"2024-11-19T11:09:32+00:00\" \/>\n<meta name=\"author\" content=\"Jos\u00e9 Carlos Ojeda\" \/>\n<meta name=\"twitter:card\" content=\"summary_large_image\" \/>\n<meta name=\"twitter:label1\" content=\"Escrit per\" \/>\n\t<meta name=\"twitter:data1\" content=\"Jos\u00e9 Carlos Ojeda\" \/>\n\t<meta name=\"twitter:label2\" content=\"Temps estimat de lectura\" \/>\n\t<meta name=\"twitter:data2\" content=\"4 minuts\" \/>\n<script type=\"application\/ld+json\" class=\"yoast-schema-graph\">{\"@context\":\"https:\/\/schema.org\",\"@graph\":[{\"@type\":\"Article\",\"@id\":\"https:\/\/asesorleysegundaoportunidad.com\/ca\/lauto-no-es-executiu#article\",\"isPartOf\":{\"@id\":\"https:\/\/asesorleysegundaoportunidad.com\/ca\/lauto-no-es-executiu\"},\"author\":{\"name\":\"Jos\u00e9 Carlos Ojeda\",\"@id\":\"https:\/\/asesorleysegundaoportunidad.com\/#\/schema\/person\/c95daf7c4a4d4dd81821f7043321bc1d\"},\"headline\":\"L&#8217;AUTO NO \u00c9S EXECUTIU\",\"datePublished\":\"2024-11-19T11:09:32+00:00\",\"mainEntityOfPage\":{\"@id\":\"https:\/\/asesorleysegundaoportunidad.com\/ca\/lauto-no-es-executiu\"},\"wordCount\":914,\"publisher\":{\"@id\":\"https:\/\/asesorleysegundaoportunidad.com\/#organization\"},\"inLanguage\":\"ca\"},{\"@type\":\"WebPage\",\"@id\":\"https:\/\/asesorleysegundaoportunidad.com\/ca\/lauto-no-es-executiu\",\"url\":\"https:\/\/asesorleysegundaoportunidad.com\/ca\/lauto-no-es-executiu\",\"name\":\"L'AUTO NO \u00c9S EXECUTIU - Asesor Ley de la Segunda Oportunidad\",\"isPartOf\":{\"@id\":\"https:\/\/asesorleysegundaoportunidad.com\/#website\"},\"datePublished\":\"2024-11-19T11:09:32+00:00\",\"description\":\"La interlocut\u00f2ria d'exoneraci\u00f3 del passiu insatisfet no \u00e9s executiva. En les l\u00ednies seg\u00fcents s'analitza el que s'ha exposat.\",\"breadcrumb\":{\"@id\":\"https:\/\/asesorleysegundaoportunidad.com\/ca\/lauto-no-es-executiu#breadcrumb\"},\"inLanguage\":\"ca\",\"potentialAction\":[{\"@type\":\"ReadAction\",\"target\":[\"https:\/\/asesorleysegundaoportunidad.com\/ca\/lauto-no-es-executiu\"]}]},{\"@type\":\"BreadcrumbList\",\"@id\":\"https:\/\/asesorleysegundaoportunidad.com\/ca\/lauto-no-es-executiu#breadcrumb\",\"itemListElement\":[{\"@type\":\"ListItem\",\"position\":1,\"name\":\"Portada\",\"item\":\"https:\/\/asesorleysegundaoportunidad.com\/ca\"},{\"@type\":\"ListItem\",\"position\":2,\"name\":\"L&#8217;AUTO NO \u00c9S EXECUTIU\"}]},{\"@type\":\"WebSite\",\"@id\":\"https:\/\/asesorleysegundaoportunidad.com\/#website\",\"url\":\"https:\/\/asesorleysegundaoportunidad.com\/\",\"name\":\"Asesor Ley de la Segunda Oportunidad\",\"description\":\"Si te sientes asfixiado por las deudas, deja de preocuparte, existe una segunda oportunidad\",\"publisher\":{\"@id\":\"https:\/\/asesorleysegundaoportunidad.com\/#organization\"},\"potentialAction\":[{\"@type\":\"SearchAction\",\"target\":{\"@type\":\"EntryPoint\",\"urlTemplate\":\"https:\/\/asesorleysegundaoportunidad.com\/?s={search_term_string}\"},\"query-input\":{\"@type\":\"PropertyValueSpecification\",\"valueRequired\":true,\"valueName\":\"search_term_string\"}}],\"inLanguage\":\"ca\"},{\"@type\":\"Organization\",\"@id\":\"https:\/\/asesorleysegundaoportunidad.com\/#organization\",\"name\":\"Asesor Ley de Segunda Oportunidad\",\"url\":\"https:\/\/asesorleysegundaoportunidad.com\/\",\"logo\":{\"@type\":\"ImageObject\",\"inLanguage\":\"ca\",\"@id\":\"https:\/\/asesorleysegundaoportunidad.com\/#\/schema\/logo\/image\/\",\"url\":\"https:\/\/asesorleysegundaoportunidad.com\/wp-content\/uploads\/2017\/11\/logo-asesor-ley-segunda-oportunidad.png\",\"contentUrl\":\"https:\/\/asesorleysegundaoportunidad.com\/wp-content\/uploads\/2017\/11\/logo-asesor-ley-segunda-oportunidad.png\",\"width\":390,\"height\":129,\"caption\":\"Asesor Ley de Segunda Oportunidad\"},\"image\":{\"@id\":\"https:\/\/asesorleysegundaoportunidad.com\/#\/schema\/logo\/image\/\"}},{\"@type\":\"Person\",\"@id\":\"https:\/\/asesorleysegundaoportunidad.com\/#\/schema\/person\/c95daf7c4a4d4dd81821f7043321bc1d\",\"name\":\"Jos\u00e9 Carlos Ojeda\",\"image\":{\"@type\":\"ImageObject\",\"inLanguage\":\"ca\",\"@id\":\"https:\/\/secure.gravatar.com\/avatar\/bf2415fafe6e78d787f8133e380d62e7b09f29bb37769e886b14171f542b8616?s=96&d=mm&r=g\",\"url\":\"https:\/\/secure.gravatar.com\/avatar\/bf2415fafe6e78d787f8133e380d62e7b09f29bb37769e886b14171f542b8616?s=96&d=mm&r=g\",\"contentUrl\":\"https:\/\/secure.gravatar.com\/avatar\/bf2415fafe6e78d787f8133e380d62e7b09f29bb37769e886b14171f542b8616?s=96&d=mm&r=g\",\"caption\":\"Jos\u00e9 Carlos Ojeda\"}}]}<\/script>\n<!-- \/ Yoast SEO plugin. -->","yoast_head_json":{"title":"L'AUTO NO \u00c9S EXECUTIU - Asesor Ley de la Segunda Oportunidad","description":"La interlocut\u00f2ria d'exoneraci\u00f3 del passiu insatisfet no \u00e9s executiva. En les l\u00ednies seg\u00fcents s'analitza el que s'ha exposat.","robots":{"index":"index","follow":"follow","max-snippet":"max-snippet:-1","max-image-preview":"max-image-preview:large","max-video-preview":"max-video-preview:-1"},"canonical":"https:\/\/asesorleysegundaoportunidad.com\/ca\/lauto-no-es-executiu","og_locale":"ca_ES","og_type":"article","og_title":"L'AUTO NO \u00c9S EXECUTIU - Asesor Ley de la Segunda Oportunidad","og_description":"La interlocut\u00f2ria d'exoneraci\u00f3 del passiu insatisfet no \u00e9s executiva. En les l\u00ednies seg\u00fcents s'analitza el que s'ha exposat.","og_url":"https:\/\/asesorleysegundaoportunidad.com\/ca\/lauto-no-es-executiu","og_site_name":"Asesor Ley de la Segunda Oportunidad","article_published_time":"2024-11-19T11:09:32+00:00","author":"Jos\u00e9 Carlos Ojeda","twitter_card":"summary_large_image","twitter_misc":{"Escrit per":"Jos\u00e9 Carlos Ojeda","Temps estimat de lectura":"4 minuts"},"schema":{"@context":"https:\/\/schema.org","@graph":[{"@type":"Article","@id":"https:\/\/asesorleysegundaoportunidad.com\/ca\/lauto-no-es-executiu#article","isPartOf":{"@id":"https:\/\/asesorleysegundaoportunidad.com\/ca\/lauto-no-es-executiu"},"author":{"name":"Jos\u00e9 Carlos Ojeda","@id":"https:\/\/asesorleysegundaoportunidad.com\/#\/schema\/person\/c95daf7c4a4d4dd81821f7043321bc1d"},"headline":"L&#8217;AUTO NO \u00c9S EXECUTIU","datePublished":"2024-11-19T11:09:32+00:00","mainEntityOfPage":{"@id":"https:\/\/asesorleysegundaoportunidad.com\/ca\/lauto-no-es-executiu"},"wordCount":914,"publisher":{"@id":"https:\/\/asesorleysegundaoportunidad.com\/#organization"},"inLanguage":"ca"},{"@type":"WebPage","@id":"https:\/\/asesorleysegundaoportunidad.com\/ca\/lauto-no-es-executiu","url":"https:\/\/asesorleysegundaoportunidad.com\/ca\/lauto-no-es-executiu","name":"L'AUTO NO \u00c9S EXECUTIU - Asesor Ley de la Segunda Oportunidad","isPartOf":{"@id":"https:\/\/asesorleysegundaoportunidad.com\/#website"},"datePublished":"2024-11-19T11:09:32+00:00","description":"La interlocut\u00f2ria d'exoneraci\u00f3 del passiu insatisfet no \u00e9s executiva. En les l\u00ednies seg\u00fcents s'analitza el que s'ha exposat.","breadcrumb":{"@id":"https:\/\/asesorleysegundaoportunidad.com\/ca\/lauto-no-es-executiu#breadcrumb"},"inLanguage":"ca","potentialAction":[{"@type":"ReadAction","target":["https:\/\/asesorleysegundaoportunidad.com\/ca\/lauto-no-es-executiu"]}]},{"@type":"BreadcrumbList","@id":"https:\/\/asesorleysegundaoportunidad.com\/ca\/lauto-no-es-executiu#breadcrumb","itemListElement":[{"@type":"ListItem","position":1,"name":"Portada","item":"https:\/\/asesorleysegundaoportunidad.com\/ca"},{"@type":"ListItem","position":2,"name":"L&#8217;AUTO NO \u00c9S EXECUTIU"}]},{"@type":"WebSite","@id":"https:\/\/asesorleysegundaoportunidad.com\/#website","url":"https:\/\/asesorleysegundaoportunidad.com\/","name":"Asesor Ley de la Segunda Oportunidad","description":"Si te sientes asfixiado por las deudas, deja de preocuparte, existe una segunda oportunidad","publisher":{"@id":"https:\/\/asesorleysegundaoportunidad.com\/#organization"},"potentialAction":[{"@type":"SearchAction","target":{"@type":"EntryPoint","urlTemplate":"https:\/\/asesorleysegundaoportunidad.com\/?s={search_term_string}"},"query-input":{"@type":"PropertyValueSpecification","valueRequired":true,"valueName":"search_term_string"}}],"inLanguage":"ca"},{"@type":"Organization","@id":"https:\/\/asesorleysegundaoportunidad.com\/#organization","name":"Asesor Ley de Segunda Oportunidad","url":"https:\/\/asesorleysegundaoportunidad.com\/","logo":{"@type":"ImageObject","inLanguage":"ca","@id":"https:\/\/asesorleysegundaoportunidad.com\/#\/schema\/logo\/image\/","url":"https:\/\/asesorleysegundaoportunidad.com\/wp-content\/uploads\/2017\/11\/logo-asesor-ley-segunda-oportunidad.png","contentUrl":"https:\/\/asesorleysegundaoportunidad.com\/wp-content\/uploads\/2017\/11\/logo-asesor-ley-segunda-oportunidad.png","width":390,"height":129,"caption":"Asesor Ley de Segunda Oportunidad"},"image":{"@id":"https:\/\/asesorleysegundaoportunidad.com\/#\/schema\/logo\/image\/"}},{"@type":"Person","@id":"https:\/\/asesorleysegundaoportunidad.com\/#\/schema\/person\/c95daf7c4a4d4dd81821f7043321bc1d","name":"Jos\u00e9 Carlos Ojeda","image":{"@type":"ImageObject","inLanguage":"ca","@id":"https:\/\/secure.gravatar.com\/avatar\/bf2415fafe6e78d787f8133e380d62e7b09f29bb37769e886b14171f542b8616?s=96&d=mm&r=g","url":"https:\/\/secure.gravatar.com\/avatar\/bf2415fafe6e78d787f8133e380d62e7b09f29bb37769e886b14171f542b8616?s=96&d=mm&r=g","contentUrl":"https:\/\/secure.gravatar.com\/avatar\/bf2415fafe6e78d787f8133e380d62e7b09f29bb37769e886b14171f542b8616?s=96&d=mm&r=g","caption":"Jos\u00e9 Carlos Ojeda"}}]}},"_links":{"self":[{"href":"https:\/\/asesorleysegundaoportunidad.com\/ca\/wp-json\/wp\/v2\/posts\/1266","targetHints":{"allow":["GET"]}}],"collection":[{"href":"https:\/\/asesorleysegundaoportunidad.com\/ca\/wp-json\/wp\/v2\/posts"}],"about":[{"href":"https:\/\/asesorleysegundaoportunidad.com\/ca\/wp-json\/wp\/v2\/types\/post"}],"author":[{"embeddable":true,"href":"https:\/\/asesorleysegundaoportunidad.com\/ca\/wp-json\/wp\/v2\/users\/2"}],"replies":[{"embeddable":true,"href":"https:\/\/asesorleysegundaoportunidad.com\/ca\/wp-json\/wp\/v2\/comments?post=1266"}],"version-history":[{"count":0,"href":"https:\/\/asesorleysegundaoportunidad.com\/ca\/wp-json\/wp\/v2\/posts\/1266\/revisions"}],"wp:attachment":[{"href":"https:\/\/asesorleysegundaoportunidad.com\/ca\/wp-json\/wp\/v2\/media?parent=1266"}],"wp:term":[{"taxonomy":"category","embeddable":true,"href":"https:\/\/asesorleysegundaoportunidad.com\/ca\/wp-json\/wp\/v2\/categories?post=1266"},{"taxonomy":"post_tag","embeddable":true,"href":"https:\/\/asesorleysegundaoportunidad.com\/ca\/wp-json\/wp\/v2\/tags?post=1266"}],"curies":[{"name":"wp","href":"https:\/\/api.w.org\/{rel}","templated":true}]}}